{"id":9631,"date":"2026-09-02T16:01:46","date_gmt":"2026-09-02T20:01:46","guid":{"rendered":"https:\/\/facem.edu.py\/V1\/?p=9631"},"modified":"2026-09-02T16:02:34","modified_gmt":"2026-09-02T20:02:34","slug":"convocatoria-a-elecciones-de-decano-a-para-las-facultades-facem-facijs-faciv-fca-y-facitec-periodo-2027-2031","status":"publish","type":"post","link":"https:\/\/facem.edu.py\/V1\/noticias\/convocatoria-a-elecciones-de-decano-a-para-las-facultades-facem-facijs-faciv-fca-y-facitec-periodo-2027-2031\/","title":{"rendered":"Convocatoria a elecciones de Decano\/a para las facultades FACEM, FACIJS, FACIV, FCA y FACITEC, periodo 2027-2031"},"content":{"rendered":"\n<div class=\"wp-block-columns is-layout-flex wp-container-core-columns-is-layout-930feb06 wp-block-columns-is-layout-flex\">\n<div class=\"wp-block-column is-layout-flow wp-block-column-is-layout-flow\" style=\"padding-top:0;padding-right:var(--wp--preset--spacing--30);padding-bottom:0;padding-left:var(--wp--preset--spacing--30)\">\n<h1 class=\"wp-block-heading\"><\/h1>\n\n\n\n<p class=\"wp-block-paragraph\">Por resoluci\u00f3n N\u00b0 218\/2026 del Consejo Superior Universitario de la UNICAN, se convoca a elecciones de Decano\/a para las siguientes facultades:<\/p>\n\n\n\n<p class=\"wp-block-paragraph\">\u2013 Facultad de Ciencias Econ\u00f3micas y Empresariales (FACEM)<\/p>\n\n\n\n<p class=\"wp-block-paragraph\">\u2013 Facultad de Ciencias Jur\u00eddicas y Sociales (FACIJS)<\/p>\n\n\n\n<p class=\"wp-block-paragraph\">\u2013 Facultad de Ciencias Agrarias (FCA)<\/p>\n\n\n\n<p class=\"wp-block-paragraph\">\u2013 Facultad de Ciencias Veterinarias (FACIV)<\/p>\n\n\n\n<p class=\"wp-block-paragraph\">\u2013 Facultad de Ciencias y Tecnolog\u00eda (FACITEC).<\/p>\n\n\n\n<p class=\"wp-block-paragraph\">Las elecciones corresponden al periodo comprendido entre enero de 2027 y diciembre de 2031. Para el efecto, se ha aprobado la conformaci\u00f3n del Tribunal Electoral Independiente (TEI) por facultades, as\u00ed como el calendario electoral, mediante Resoluci\u00f3n CSU N.\u00b0 219\/2026.<\/p>\n\n\n\n<p class=\"wp-block-paragraph\">Las elecciones se realizar\u00e1n el pr\u00f3ximo s\u00e1bado 26 de septiembre de 08:00 a 13:00 horas, en la sede de Saltos del Guair\u00e1 y las filiales Curuguaty y Katuet\u00e9.<\/p>\n\n\n\n<p class=\"wp-block-paragraph\"><\/p>\n<\/div>\n<\/div>\n\n\n\n<div data-wp-interactive=\"core\/file\" class=\"wp-block-file\"><object data-wp-bind--hidden=\"!state.hasPdfPreview\" hidden class=\"wp-block-file__embed\" data=\"https:\/\/facem.edu.py\/V1\/wp-content\/uploads\/2026\/09\/219-SE-INTEGRN-LOS-TRIBUNALES-ELECTORALES-INDEPENDIENTES-TEI-Y-SE-APRUEBA-EL-CRONOGRAMA-ELECTORAL-PARA-LA-ELECCION-DE-DECANO-A-DE-LA-UNICAN-2026.pdf\" type=\"application\/pdf\" style=\"width:100%;height:600px\" aria-label=\"PDF incrustado\"><\/object><a href=\"https:\/\/facem.edu.py\/V1\/wp-content\/uploads\/2026\/09\/219-SE-INTEGRN-LOS-TRIBUNALES-ELECTORALES-INDEPENDIENTES-TEI-Y-SE-APRUEBA-EL-CRONOGRAMA-ELECTORAL-PARA-LA-ELECCION-DE-DECANO-A-DE-LA-UNICAN-2026.pdf\" class=\"wp-block-file__button wp-element-button\" download>Descarga<\/a><\/div>\n","protected":false},"excerpt":{"rendered":"<p>Por resoluci\u00f3n N\u00b0 218\/2026 del Consejo Superior Universitario de la UNICAN, se convoca a elecciones [&hellip;]<\/p>\n","protected":false},"author":1,"featured_media":9633,"comment_status":"open","ping_status":"open","sticky":false,"template":"","format":"standard","meta":{"footnotes":""},"categories":[15],"tags":[],"class_list":["post-9631","post","type-post","status-publish","format-standard","has-post-thumbnail","hentry","category-noticias"],"_links":{"self":[{"href":"https:\/\/facem.edu.py\/V1\/wp-json\/wp\/v2\/posts\/9631","targetHints":{"allow":["GET"]}}],"collection":[{"href":"https:\/\/facem.edu.py\/V1\/wp-json\/wp\/v2\/posts"}],"about":[{"href":"https:\/\/facem.edu.py\/V1\/wp-json\/wp\/v2\/types\/post"}],"author":[{"embeddable":true,"href":"https:\/\/facem.edu.py\/V1\/wp-json\/wp\/v2\/users\/1"}],"replies":[{"embeddable":true,"href":"https:\/\/facem.edu.py\/V1\/wp-json\/wp\/v2\/comments?post=9631"}],"version-history":[{"count":1,"href":"https:\/\/facem.edu.py\/V1\/wp-json\/wp\/v2\/posts\/9631\/revisions"}],"predecessor-version":[{"id":9634,"href":"https:\/\/facem.edu.py\/V1\/wp-json\/wp\/v2\/posts\/9631\/revisions\/9634"}],"wp:featuredmedia":[{"embeddable":true,"href":"https:\/\/facem.edu.py\/V1\/wp-json\/wp\/v2\/media\/9633"}],"wp:attachment":[{"href":"https:\/\/facem.edu.py\/V1\/wp-json\/wp\/v2\/media?parent=9631"}],"wp:term":[{"taxonomy":"category","embeddable":true,"href":"https:\/\/facem.edu.py\/V1\/wp-json\/wp\/v2\/categories?post=9631"},{"taxonomy":"post_tag","embeddable":true,"href":"https:\/\/facem.edu.py\/V1\/wp-json\/wp\/v2\/tags?post=9631"}],"curies":[{"name":"wp","href":"https:\/\/api.w.org\/{rel}","templated":true}]}}